{"id":799,"date":"2020-01-29T16:33:53","date_gmt":"2020-01-29T14:33:53","guid":{"rendered":"http:\/\/wp.eraser.org\/?p=799"},"modified":"2020-01-29T16:33:53","modified_gmt":"2020-01-29T14:33:53","slug":"verschaeftes-rauchverbot-update","status":"publish","type":"post","link":"https:\/\/www.eraser.org\/?p=799","title":{"rendered":"Versch\u00e4ftes Rauchverbot [Update]"},"content":{"rendered":"<p>Wie bekannt ist tritt morgen [url=http:\/\/www.welt.de\/politik\/article1145881\/Ab_Samstag_haben_es_Raucher_noch_schwerer.html?r=RSS]das versch\u00e4rte Rauchervot in Kraft.[\/url].  Rauchen in \u00f6ffentlichen Geb\u00e4uden und Verkehrsmitteln ist dann verboten. Leider ist das Rauchen auf Bahnh\u00f6fen noch nicht ganz durchgesetzt. <\/p>\n<p>Im Vorfeld des Rauchverbots gab es ziemlichen Hickhack wie es mit dem Rauchverbot in Restaurants und Kneipen zu handhaben ist. Warum wurde eigentlich nicht das Volk gefragt?<\/p>\n<p>Ganz einfach: &#8222;Wir sind doch die Volksvertreter, wir wissen doch was ihr wollt daf\u00fcr habt ihr uns doch gew\u00e4hlt.&#8220; lautet die Antwort. Eine [url=http:\/\/www.trendfrage.de\/results\/details?survey_id=40339&#038;q_id=40349]Unfrage[\/url] die ich heute im Internet gefunden habe spricht eine deutlich andere Sprache. Die L\u00f6sung die keiner wollte, wurde wie \u00fcblich genommen. <\/p>\n<p>Auch bei den [url=http:\/\/www.trendfrage.de\/results\/details?survey_id=40339]weiteren Antworten auf die Fragen [\/url] der Meinungsforscher tritt zu Tage, dass sich der B\u00fcrger eine deutlich flexiblere L\u00f6sung w\u00fcnschen w\u00fcrde als die die jetzt auf dem gro\u00dfen gr\u00fcnen Koalitions- und Bundesratstisch gefunden wurde.<\/p>\n<p>Im Kino wei\u00df man das man f\u00fcr Schauspielerei bezahlt wird, im Leben wei\u00df man hoffentlich auch das man f\u00fcr die politische Schauspielerei bezahlt.<\/p>\n<p>Leider sind die Umfrageergebnisse vom Anbieter gesperrt worden. Kurzfassung: \u00dcber 50% der Befragten wollten das der Wirt die entscheidung treffen kann, fast 50% wollten das das bundeseinheitlich geregelt werden soll und nur 2% bef\u00fcrworten die jetzt bescholssene Regelung das dies die Bundesl\u00e4nder regeln sollen.<\/p>\n","protected":false},"excerpt":{"rendered":"<p>Wie bekannt ist tritt morgen [url=http:\/\/www.welt.de\/politik\/article1145881\/Ab_Samstag_haben_es_Raucher_noch_schwerer.html?r=RSS]das versch\u00e4rte Rauchervot in Kraft.[\/url]. Rauchen in \u00f6ffentlichen Geb\u00e4uden und Verkehrsmitteln ist dann verboten. Leider ist das Rauchen auf Bahnh\u00f6fen noch nicht ganz durchgesetzt. Im Vorfeld des Rauchverbots gab es ziemlichen Hickhack wie es mit dem Rauchverbot in Restaurants und Kneipen zu handhaben ist. Warum wurde eigentlich nicht das Volk [&hellip;]<\/p>\n","protected":false},"author":1,"featured_media":0,"comment_status":"open","ping_status":"open","sticky":false,"template":"","format":"standard","meta":{"footnotes":""},"categories":[1],"tags":[],"class_list":{"0":"post-799","1":"post","2":"type-post","3":"status-publish","4":"format-standard","6":"category-allgemein","7":"czr-hentry"},"_links":{"self":[{"href":"https:\/\/www.eraser.org\/index.php?rest_route=\/wp\/v2\/posts\/799","targetHints":{"allow":["GET"]}}],"collection":[{"href":"https:\/\/www.eraser.org\/index.php?rest_route=\/wp\/v2\/posts"}],"about":[{"href":"https:\/\/www.eraser.org\/index.php?rest_route=\/wp\/v2\/types\/post"}],"author":[{"embeddable":true,"href":"https:\/\/www.eraser.org\/index.php?rest_route=\/wp\/v2\/users\/1"}],"replies":[{"embeddable":true,"href":"https:\/\/www.eraser.org\/index.php?rest_route=%2Fwp%2Fv2%2Fcomments&post=799"}],"version-history":[{"count":0,"href":"https:\/\/www.eraser.org\/index.php?rest_route=\/wp\/v2\/posts\/799\/revisions"}],"wp:attachment":[{"href":"https:\/\/www.eraser.org\/index.php?rest_route=%2Fwp%2Fv2%2Fmedia&parent=799"}],"wp:term":[{"taxonomy":"category","embeddable":true,"href":"https:\/\/www.eraser.org\/index.php?rest_route=%2Fwp%2Fv2%2Fcategories&post=799"},{"taxonomy":"post_tag","embeddable":true,"href":"https:\/\/www.eraser.org\/index.php?rest_route=%2Fwp%2Fv2%2Ftags&post=799"}],"curies":[{"name":"wp","href":"https:\/\/api.w.org\/{rel}","templated":true}]}}