{"id":653,"date":"2020-01-29T16:27:06","date_gmt":"2020-01-29T14:27:06","guid":{"rendered":"http:\/\/wp.eraser.org\/?p=653"},"modified":"2020-01-29T16:27:06","modified_gmt":"2020-01-29T14:27:06","slug":"probefahrt","status":"publish","type":"post","link":"https:\/\/www.eraser.org\/?p=653","title":{"rendered":"Probefahrt?"},"content":{"rendered":"<p>Da m\u00f6chte man eine BMW-Niederlassung in Hamburg mit einem fast sicheren Verkauf eines Gebrauchtwagen begl\u00fccken, doch eine Probefahrt ist nicht m\u00f6glich! Wo ist das Problem? Haben die etwas an dem Fahrzeug zu verbergen?<\/p>\n<p>Die Fahrt vom [url=http:\/\/www.international-airport-bremervoerde.de]International Airport Bremerv\u00f6rde[\/url] nach HH ist nicht unbedingt kurz, wenn man dies schon auf sich nimmt, dann m\u00f6chte man wenigstens fahren, bevor man kauft.<\/p>\n<p>Ausreden wie: Mit Sommerreifen fahren sie nicht! [i]Auf den gestreuten vierspurigen Stra\u00dfen in HH? Ich fahre ja nicht durch die Pampa![\/i] <\/p>\n<p>K\u00f6nnen sie nicht in der Woche vorbeikommen? [i]Urlaub nehmen f\u00fcr eine Probefahrt?[\/i]<\/p>\n<p>Die Batterie ist entladen! [i]Was ist noch nicht in Ordnung, kann man das nicht beheben?[\/i]<br \/>\nNein, weil die Werkstatt nicht mehr besetzt ist und der Wagen unter 10cm Schnee liegt, au\u00dferdem ist der ungeschickt geparkt, da kommt man nicht ran! [i]Schon klar, deswegen fragte ich schon am Mittwoch, ob eine Probefahrt m\u00f6glich w\u00e4re, da war angeblich alles noch am Samstag m\u00f6glich![\/i]<\/p>\n<p>Ich kann nur sagen sehr schlechter Service, der Verk\u00e4ufer war wenigstens nicht unfreundlich, doch entweder wollen die Verkaufen oder nicht. Ohne Probefahrt vorher kein Autoverkauf! Mit dem letzten BMW war ich schon Dauergast in der Werkstatt. <\/p>\n<p>Die sollten doch froh sein einen Gebrauchten loszuwerden oder?<\/p>\n","protected":false},"excerpt":{"rendered":"<p>Da m\u00f6chte man eine BMW-Niederlassung in Hamburg mit einem fast sicheren Verkauf eines Gebrauchtwagen begl\u00fccken, doch eine Probefahrt ist nicht m\u00f6glich! Wo ist das Problem? Haben die etwas an dem Fahrzeug zu verbergen? Die Fahrt vom [url=http:\/\/www.international-airport-bremervoerde.de]International Airport Bremerv\u00f6rde[\/url] nach HH ist nicht unbedingt kurz, wenn man dies schon auf sich nimmt, dann m\u00f6chte man [&hellip;]<\/p>\n","protected":false},"author":1,"featured_media":0,"comment_status":"open","ping_status":"open","sticky":false,"template":"","format":"standard","meta":{"footnotes":""},"categories":[1],"tags":[],"class_list":{"0":"post-653","1":"post","2":"type-post","3":"status-publish","4":"format-standard","6":"category-allgemein","7":"czr-hentry"},"_links":{"self":[{"href":"https:\/\/www.eraser.org\/index.php?rest_route=\/wp\/v2\/posts\/653","targetHints":{"allow":["GET"]}}],"collection":[{"href":"https:\/\/www.eraser.org\/index.php?rest_route=\/wp\/v2\/posts"}],"about":[{"href":"https:\/\/www.eraser.org\/index.php?rest_route=\/wp\/v2\/types\/post"}],"author":[{"embeddable":true,"href":"https:\/\/www.eraser.org\/index.php?rest_route=\/wp\/v2\/users\/1"}],"replies":[{"embeddable":true,"href":"https:\/\/www.eraser.org\/index.php?rest_route=%2Fwp%2Fv2%2Fcomments&post=653"}],"version-history":[{"count":0,"href":"https:\/\/www.eraser.org\/index.php?rest_route=\/wp\/v2\/posts\/653\/revisions"}],"wp:attachment":[{"href":"https:\/\/www.eraser.org\/index.php?rest_route=%2Fwp%2Fv2%2Fmedia&parent=653"}],"wp:term":[{"taxonomy":"category","embeddable":true,"href":"https:\/\/www.eraser.org\/index.php?rest_route=%2Fwp%2Fv2%2Fcategories&post=653"},{"taxonomy":"post_tag","embeddable":true,"href":"https:\/\/www.eraser.org\/index.php?rest_route=%2Fwp%2Fv2%2Ftags&post=653"}],"curies":[{"name":"wp","href":"https:\/\/api.w.org\/{rel}","templated":true}]}}