{"id":1326,"date":"2020-01-29T16:46:27","date_gmt":"2020-01-29T14:46:27","guid":{"rendered":"http:\/\/wp.eraser.org\/?p=1326"},"modified":"2020-01-29T16:46:27","modified_gmt":"2020-01-29T14:46:27","slug":"wo-die-vielen-fluechtlinge-herkommen-und-wer-sie-zu-verantworten-hat","status":"publish","type":"post","link":"https:\/\/www.eraser.org\/?p=1326","title":{"rendered":"Wo die vielen Fl\u00fcchtlinge herkommen und wer sie zu verantworten hat"},"content":{"rendered":"<p>Dieses Jahr soll nach Sch\u00e4tzungen circa 800.000 Menschen nach Deutschland als Fl\u00fcchtlinge kommen. Doch wo kommen Sie her welche Gr\u00fcnde haben Sie warum bleiben sie nicht in deren Land? Um die Frage zu beantworten, m\u00fcssen wir die Gr\u00fcnde aufz\u00e4hlen. Zum einen sind dies Wirtschaftsfl\u00fcchtlinge aus den Balkanstaaten und Afrika, zum anderen handelt es sich um Fl\u00fcchtlinge aus dem B\u00fcrgerkriegsland Syrien.<\/p>\n<p>Zun\u00e4chst zur gr\u00f6\u00dferen Gruppe den Fl\u00fcchtlingen aus Syrien. Hier hat es die UN zu verantworten dass der Krieg nichts zu einem Ende kommt. Begonnen hat das ganze mit einem Aufstand gegen den syrischen Machthaber Assad. Im Kampf gegen Assad unterst\u00fctzten westlichen M\u00e4chte die aufst\u00e4ndischen durch Waffenlieferungen. Man dachte sich wohl dass man so den unliebsamen Regierungschef in Damaskus los werden zu k\u00f6nnen ohne selber eingreifen zu m\u00fcssen.<br \/>\nDann wurde die Lage \u00fcbersichtlich, radikale K\u00e4mpfer aus den umliegenden L\u00e4ndern vereinten sich in Syrien und es entstand  der so genannte Islamische Staat Irak Syrien kurz ISIS.<br \/>\nNun versuchte man hektisch den Machthaber in Damaskus loszuwerden in dem man \u00fcber die UN einen milit\u00e4rischen Eingriff in die Situation zu nehmen. Alle Resolution in dieser Art ging aber installiere da sich China und Russland weigerten sich in die so wie sie es sagen internen Angelegenheiten des Landes einzumischen. Nun steht die Bev\u00f6lkerung zwischen zwei Fronten, dem korrupten Machthaber in Damaskus und den radikalen Islamisten des IS. Da sich die Situation \u00fcber Monate hinweg nicht besserte war logisch f\u00fcr jeden klar denkenden Menschen hier muss man weg ich fl\u00fcchte aus meinem Land. Nun Da die Situation in den Aufnahmenl\u00e4ndern Libanon der T\u00fcrkei dramatisch wurde, machten sich die Fl\u00fcchtlinge auf dem Weg nach Norden nach Europa. Anstatt also das Problem im Land zu l\u00f6sen muss man es jetzt hier in Deutschland und Europa l\u00f6sen.<\/p>\n<p>Betrachten wir nun die Situation der Wirtschaftsfl\u00fcchtlinge aus Afrika. Hier hat es die EU zu verantworten dass die Menschen in ihrem eigenen Land keine Zukunftschancen mehr sehen und sich somit auf dem Weg nach Europa machen. Vor Jahren schloss die EU mit afrikanischen Staaten so genannte Freihandelsabkommen ab. Diese erm\u00f6glichten es der EU an die wertvollen Bodensch\u00e4tze aus Afrika zu kommen, im Gegenzug konnte die EU g\u00fcnstig Waren einf\u00fchren. Dies f\u00fchrte dazu das Fleisch aus Massentierhaltung nach Afrika exportiert wurde und die dortigen M\u00e4rkte \u00fcberschwemmte. \u00c4hnlich lief es in der Textilproduktion, die afrikanischen Hersteller konnten mit den Billigproduktionen aus Europa nicht mehr mithalten und gingen bankrott. Dies f\u00fchrte zu einer hohen Arbeitslosigkeit bei Landwirten und der Textilbranche dort. Auch hier setzten sich die Menschen in Gang und fl\u00fcchteten gen Norden nach Europa.<br \/>\nEine andere Situation findet man in den Balkanl\u00e4ndern vor. Durch jahrelangen B\u00fcrgerkrieg war die Infrastruktur zerst\u00f6rt und es herrschte \u00fcber Jahre eine hohe Arbeitslosigkeit. Da die Menschen im eigenen Land keine Perspektive mehr sagen, machten sie sich auf nach Europa.<\/p>\n<p>Wie man sieht sind die Probleme, welche die EU nun mit den vielen Fl\u00fcchtlingen hat, gr\u00f6\u00dftenteils hausgemacht.  Zum einen sieht man tatenlos zu wie Syrien vor die Hunde geht zum anderen zerst\u00f6rt man die M\u00e4rkte in Afrika und investiert nicht in die Wirtschaft der Balkanl\u00e4nder.<\/p>\n","protected":false},"excerpt":{"rendered":"<p>Dieses Jahr soll nach Sch\u00e4tzungen circa 800.000 Menschen nach Deutschland als Fl\u00fcchtlinge kommen. Doch wo kommen Sie her welche Gr\u00fcnde haben Sie warum bleiben sie nicht in deren Land? Um die Frage zu beantworten, m\u00fcssen wir die Gr\u00fcnde aufz\u00e4hlen. Zum einen sind dies Wirtschaftsfl\u00fcchtlinge aus den Balkanstaaten und Afrika, zum anderen handelt es sich um [&hellip;]<\/p>\n","protected":false},"author":1,"featured_media":0,"comment_status":"open","ping_status":"open","sticky":false,"template":"","format":"standard","meta":{"footnotes":""},"categories":[1],"tags":[],"class_list":{"0":"post-1326","1":"post","2":"type-post","3":"status-publish","4":"format-standard","6":"category-allgemein","7":"czr-hentry"},"_links":{"self":[{"href":"https:\/\/www.eraser.org\/index.php?rest_route=\/wp\/v2\/posts\/1326","targetHints":{"allow":["GET"]}}],"collection":[{"href":"https:\/\/www.eraser.org\/index.php?rest_route=\/wp\/v2\/posts"}],"about":[{"href":"https:\/\/www.eraser.org\/index.php?rest_route=\/wp\/v2\/types\/post"}],"author":[{"embeddable":true,"href":"https:\/\/www.eraser.org\/index.php?rest_route=\/wp\/v2\/users\/1"}],"replies":[{"embeddable":true,"href":"https:\/\/www.eraser.org\/index.php?rest_route=%2Fwp%2Fv2%2Fcomments&post=1326"}],"version-history":[{"count":0,"href":"https:\/\/www.eraser.org\/index.php?rest_route=\/wp\/v2\/posts\/1326\/revisions"}],"wp:attachment":[{"href":"https:\/\/www.eraser.org\/index.php?rest_route=%2Fwp%2Fv2%2Fmedia&parent=1326"}],"wp:term":[{"taxonomy":"category","embeddable":true,"href":"https:\/\/www.eraser.org\/index.php?rest_route=%2Fwp%2Fv2%2Fcategories&post=1326"},{"taxonomy":"post_tag","embeddable":true,"href":"https:\/\/www.eraser.org\/index.php?rest_route=%2Fwp%2Fv2%2Ftags&post=1326"}],"curies":[{"name":"wp","href":"https:\/\/api.w.org\/{rel}","templated":true}]}}