{"id":1172,"date":"2020-01-29T16:41:29","date_gmt":"2020-01-29T14:41:29","guid":{"rendered":"http:\/\/wp.eraser.org\/?p=1172"},"modified":"2020-02-21T09:55:40","modified_gmt":"2020-02-21T07:55:40","slug":"info-no-493-der-k-fall","status":"publish","type":"post","link":"https:\/\/www.eraser.org\/?p=1172","title":{"rendered":"info no. 493 \/\/ der k-fall"},"content":{"rendered":"<p>von systemadministratoren ist er gef\u00fcrchtet, der k-fall. der katastrophenfall, oder auch karneval.<\/p>\n<p>dabei ist hass und missgunst im hintergrund beim karneval der hauptanlass. mainz hasst k\u00f6ln, k\u00f6ln hasst mainz und so weiter.<\/p>\n<p>karneval schafft keinen frieden, sondern spaltet. nicht nur k\u00f6ln und main, sonder auch nord und s\u00fcd. vor allem kostet der karneval geld. geld, dass wir \u00fcberall besser gebrauchen k\u00f6nnen als f\u00fcr rotnasige saufk\u00f6ppe mit bl\u00f6den kost\u00fcmen und noch bl\u00f6deren narrenkappen.<\/p>\n<p>es ist einfach schei\u00dfe! jeder jahr prunksitzungen im \u00f6ffentlich rechtlichen von meinen geb\u00fchrengeldern finanziert. denn geschunkelt wird immer, ob bei der volksmusik oder bei den narren.<\/p>\n<p>gr\u00fcnde zum saufen gibt es auch auch ohne narrenkappen und auf einmal ist w\u00e4hrend des karnevals die verklemmtheit der deutschen pl\u00f6tzlich vor\u00fcbergehend aufgehoben. das liegt nur an den promillewerten.<\/p>\n<p>also ich geh und kack in eine narrenkappe, vielleicht setzt sie ja noch ein jecke auf.<\/p>\n<p>jetzt noch schnell die gr\u00fc\u00dfe ausrichten:<br \/>\nalaaf nach mainz!<br \/>\nhelau nach k\u00f6ln!<\/p>\n<p>jetzt gehts erstmal wieder<br \/>\nhype enforcement agency<\/p>\n","protected":false},"excerpt":{"rendered":"<p>von systemadministratoren ist er gef\u00fcrchtet, der k-fall. der katastrophenfall, oder auch karneval. dabei ist hass und missgunst im hintergrund beim karneval der hauptanlass. mainz hasst k\u00f6ln, k\u00f6ln hasst mainz und so weiter. karneval schafft keinen frieden, sondern spaltet. nicht nur k\u00f6ln und main, sonder auch nord und s\u00fcd. vor allem kostet der karneval geld. geld, [&hellip;]<\/p>\n","protected":false},"author":6,"featured_media":0,"comment_status":"open","ping_status":"open","sticky":false,"template":"","format":"standard","meta":{"footnotes":""},"categories":[1,4],"tags":[],"class_list":{"0":"post-1172","1":"post","2":"type-post","3":"status-publish","4":"format-standard","6":"category-allgemein","7":"category-hype-enforcement-agency","8":"czr-hentry"},"_links":{"self":[{"href":"https:\/\/www.eraser.org\/index.php?rest_route=\/wp\/v2\/posts\/1172","targetHints":{"allow":["GET"]}}],"collection":[{"href":"https:\/\/www.eraser.org\/index.php?rest_route=\/wp\/v2\/posts"}],"about":[{"href":"https:\/\/www.eraser.org\/index.php?rest_route=\/wp\/v2\/types\/post"}],"author":[{"embeddable":true,"href":"https:\/\/www.eraser.org\/index.php?rest_route=\/wp\/v2\/users\/6"}],"replies":[{"embeddable":true,"href":"https:\/\/www.eraser.org\/index.php?rest_route=%2Fwp%2Fv2%2Fcomments&post=1172"}],"version-history":[{"count":1,"href":"https:\/\/www.eraser.org\/index.php?rest_route=\/wp\/v2\/posts\/1172\/revisions"}],"predecessor-version":[{"id":1521,"href":"https:\/\/www.eraser.org\/index.php?rest_route=\/wp\/v2\/posts\/1172\/revisions\/1521"}],"wp:attachment":[{"href":"https:\/\/www.eraser.org\/index.php?rest_route=%2Fwp%2Fv2%2Fmedia&parent=1172"}],"wp:term":[{"taxonomy":"category","embeddable":true,"href":"https:\/\/www.eraser.org\/index.php?rest_route=%2Fwp%2Fv2%2Fcategories&post=1172"},{"taxonomy":"post_tag","embeddable":true,"href":"https:\/\/www.eraser.org\/index.php?rest_route=%2Fwp%2Fv2%2Ftags&post=1172"}],"curies":[{"name":"wp","href":"https:\/\/api.w.org\/{rel}","templated":true}]}}